{"id":580,"date":"2018-05-03T20:22:03","date_gmt":"2018-05-03T18:22:03","guid":{"rendered":"https:\/\/www.ruf-ostercappeln-schwegerhoff.de\/?p=580"},"modified":"2018-05-14T20:21:21","modified_gmt":"2018-05-14T18:21:21","slug":"voltigierturnier-2018-auf-gut-schwegerhoff","status":"publish","type":"post","link":"https:\/\/www.ruf-ostercappeln-schwegerhoff.de\/?p=580","title":{"rendered":"Voltigierturnier 2018 auf Gut Schwegerhoff"},"content":{"rendered":"<p style=\"text-align: center;\"><a href=\"https:\/\/www.ruf-ostercappeln-schwegerhoff.de\/wp-content\/uploads\/2017\/05\/DSC01212-e1525203878578.jpg\"><img loading=\"lazy\" decoding=\"async\" class=\"alignleft size-medium wp-image-486\" src=\"https:\/\/www.ruf-ostercappeln-schwegerhoff.de\/wp-content\/uploads\/2017\/05\/DSC01212-300x169.jpg\" alt=\"\" width=\"300\" height=\"169\" \/><\/a>In diesem Jahr findet unser Voltigierturnier am 22. und 23. September 2018 auf dem Gut Schwegerhoff statt.<\/p>\n<p style=\"text-align: center;\">Wir freuen uns darauf, Euch auch dieses Jahr wieder auf Gut Schwegerhoff begr\u00fc\u00dfen zu d\u00fcrfen.<\/p>\n","protected":false},"excerpt":{"rendered":"<p>In diesem Jahr findet unser Voltigierturnier am 22. und 23. September 2018 auf dem Gut Schwegerhoff statt. Wir freuen uns darauf, Euch auch dieses Jahr wieder auf Gut Schwegerhoff begr\u00fc\u00dfen zu d\u00fcrfen.<\/p>\n","protected":false},"author":4,"featured_media":161,"comment_status":"closed","ping_status":"closed","sticky":false,"template":"","format":"standard","meta":{"footnotes":""},"categories":[5],"tags":[],"class_list":["post-580","post","type-post","status-publish","format-standard","has-post-thumbnail","hentry","category-blog"],"_links":{"self":[{"href":"https:\/\/www.ruf-ostercappeln-schwegerhoff.de\/index.php?rest_route=\/wp\/v2\/posts\/580","targetHints":{"allow":["GET"]}}],"collection":[{"href":"https:\/\/www.ruf-ostercappeln-schwegerhoff.de\/index.php?rest_route=\/wp\/v2\/posts"}],"about":[{"href":"https:\/\/www.ruf-ostercappeln-schwegerhoff.de\/index.php?rest_route=\/wp\/v2\/types\/post"}],"author":[{"embeddable":true,"href":"https:\/\/www.ruf-ostercappeln-schwegerhoff.de\/index.php?rest_route=\/wp\/v2\/users\/4"}],"replies":[{"embeddable":true,"href":"https:\/\/www.ruf-ostercappeln-schwegerhoff.de\/index.php?rest_route=%2Fwp%2Fv2%2Fcomments&post=580"}],"version-history":[{"count":4,"href":"https:\/\/www.ruf-ostercappeln-schwegerhoff.de\/index.php?rest_route=\/wp\/v2\/posts\/580\/revisions"}],"predecessor-version":[{"id":630,"href":"https:\/\/www.ruf-ostercappeln-schwegerhoff.de\/index.php?rest_route=\/wp\/v2\/posts\/580\/revisions\/630"}],"wp:featuredmedia":[{"embeddable":true,"href":"https:\/\/www.ruf-ostercappeln-schwegerhoff.de\/index.php?rest_route=\/wp\/v2\/media\/161"}],"wp:attachment":[{"href":"https:\/\/www.ruf-ostercappeln-schwegerhoff.de\/index.php?rest_route=%2Fwp%2Fv2%2Fmedia&parent=580"}],"wp:term":[{"taxonomy":"category","embeddable":true,"href":"https:\/\/www.ruf-ostercappeln-schwegerhoff.de\/index.php?rest_route=%2Fwp%2Fv2%2Fcategories&post=580"},{"taxonomy":"post_tag","embeddable":true,"href":"https:\/\/www.ruf-ostercappeln-schwegerhoff.de\/index.php?rest_route=%2Fwp%2Fv2%2Ftags&post=580"}],"curies":[{"name":"wp","href":"https:\/\/api.w.org\/{rel}","templated":true}]}}