{"id":650,"date":"2018-08-02T19:06:27","date_gmt":"2018-08-02T17:06:27","guid":{"rendered":"https:\/\/www.ruf-ostercappeln-schwegerhoff.de\/?p=650"},"modified":"2021-10-07T09:54:08","modified_gmt":"2021-10-07T07:54:08","slug":"tolles-reitturnier-bei-hervorragendem-sommerwetter","status":"publish","type":"post","link":"https:\/\/www.ruf-ostercappeln-schwegerhoff.de\/?p=650","title":{"rendered":"Tolles Reitturnier bei hervorragendem Sommerwetter"},"content":{"rendered":"<p style=\"text-align: justify;\" align=\"left\">Am letzten Wochenende fand ein tolles Reitturnier von Freitag bis Sonntag mit gutem Sport statt.<\/p>\n<p style=\"text-align: justify;\" align=\"left\"><img loading=\"lazy\" decoding=\"async\" class=\"size-medium wp-image-341 alignleft\" src=\"https:\/\/www.ruf-ostercappeln-schwegerhoff.de\/wp-content\/uploads\/2017\/02\/33-106-300x211.jpg\" alt=\"\" width=\"300\" height=\"211\" srcset=\"https:\/\/www.ruf-ostercappeln-schwegerhoff.de\/wp-content\/uploads\/2017\/02\/33-106-300x211.jpg 300w, https:\/\/www.ruf-ostercappeln-schwegerhoff.de\/wp-content\/uploads\/2017\/02\/33-106-768x540.jpg 768w, https:\/\/www.ruf-ostercappeln-schwegerhoff.de\/wp-content\/uploads\/2017\/02\/33-106-1024x719.jpg 1024w, https:\/\/www.ruf-ostercappeln-schwegerhoff.de\/wp-content\/uploads\/2017\/02\/33-106-600x422.jpg 600w, https:\/\/www.ruf-ostercappeln-schwegerhoff.de\/wp-content\/uploads\/2017\/02\/33-106-350x245.jpg 350w\" sizes=\"auto, (max-width: 300px) 100vw, 300px\" \/>Die Zuschauer honorierten die guten Reiter mit Ihren Pferden f\u00fcr ihre guten Vorstellungen. Am Freitag fanden die Aufbaupr\u00fcfungen f\u00fcr die jungen Pferde im Springparquour statt, Ergebnisse siehe der Anlage. Am Samstag begann das Turnier mit Dressurvorstellungen der Klassen E bis L, 2 Sterne Pr\u00fcfungen.Parallel liefen auf dem Hauptplatz Springpr\u00fcfungen der Klassen E bis L, und am fr\u00fchen Abend die Qualifikation in M zum Barre-Br\u00e4u-Stilpokal. Nach dem lauen Abend, den noch viele Reiter und Zuschauer auf dem Platz bei guter Verk\u00f6stigung erlebten, freuten sich bereits alle auf einen hei\u00dfen Sonntag. Beginnend am Sonntag mit Dressur von E bis L , den Reiterwettbewerben f\u00fcr unsere J\u00fcngsten bzw. die , die noch im Anfang der reiterlichen Karriere stehen, so war der gut pr\u00e4parierte und wieder aufgearbeitete Dressurplatz in sehr gutem Zustand. Auf dem Hauptplatz begann der Sonntag mit Springpr\u00fcfungen der Klassen A und L, bevor auch hier f\u00fcr die j\u00fcngeren und unerfahren Reitern\/innen der Platz hergerichtet wurde. Dann kam der Zuschauermagnet f\u00fcr Alt und Jung, wo unserer J\u00fcngsten in der F\u00fchrz\u00fcgelklasse auf dem Hauptplatz ihr K\u00f6nnen zeigten.<\/p>\n<p style=\"text-align: justify;\" align=\"left\">Zu den Siegerehrungen der Teamwertungen und Meisterehrungen der Mannschaften in Dressur und Springen; Sieger in Teamwertung Dressur war der der RV Bad Essen, beim Springen siegte der veranstaltende RV Ostercappeln-Schwegerhoff; gab es gro\u00dfen Applaus. Anschlie\u00dfend ehrten die Mitglieder des Kreisverbandes Wittlage die Meister der einzelnen Klassen und Mannschaftspr\u00fcfungen. Kreismeister in der Dressur der Leistungsklassen 3 + 4 wurde Tanja Schwingel vom RV Ostercappeln Schwegerhoff, LK 5+6 Gina Rasper vom RV Venne, und in der LK 0+6+7 Finja-Marie Gieske vom RV Bohmte. Bei den Springreitern siegte in der Leistungsklasse 3 + 4 Karl-J\u00fcrgen Schr\u00f6der, in der LK 5+6 Carina Ubbing, und in der LK 0+6+7 Rabea Dolle, alle vom ausrichtenden RV Ostercappeln-Schwegerhoff.<\/p>\n<p style=\"text-align: justify;\" align=\"left\">Ein sch\u00f6nes Turnier haben wir am fr\u00fchen Sonntagabend ausklingen lassen.<\/p>\n<p style=\"text-align: justify;\" align=\"left\">Alles Helfern sei noch einmal gro\u00dfer Dank ausgedr\u00fcckt.<\/p>\n<p align=\"left\"><div class=\"flexslider ewic-slider-lite is_on_\" id=\"ewic-con-66269f4b83552136\"><style>#ewic-con-66269f4b83552136 .flex-direction-nav .flex-next, #ewic-con-66269f4b83552136 .flex-direction-nav .flex-prev {opacity: 1;} #ewic-con-66269f4b83552136 .flex-direction-nav .flex-next {right: 10px !important; text-align: right !important;} #ewic-con-66269f4b83552136 .flex-direction-nav .flex-prev {left: 10px !important;}<\/style><div id=\"preloader-66269f4b83552136\" class=\"sliderpreloader\"><\/div><ul style=\"display:none;\" class=\"slides flexslider-66269f4b83552136\"><li class=\"ewic-slider\"><a href=\"https:\/\/www.ruf-ostercappeln-schwegerhoff.de\/wp-content\/uploads\/2018\/08\/DSC01995-1.jpg\" title=\"DSC01995\" rel=\"ewicprettyPhoto[66269f4b83552136]\"><img decoding=\"async\" title=\"DSC01995\" class=\"ewic-wid-imgs\" src=\"https:\/\/www.ruf-ostercappeln-schwegerhoff.de\/wp-content\/uploads\/2018\/08\/DSC01995-1.jpg\" \/><p class=\"flex-caption\">DSC01995<\/p><\/a><\/li><li class=\"ewic-slider\"><a href=\"https:\/\/www.ruf-ostercappeln-schwegerhoff.de\/wp-content\/uploads\/2018\/08\/DSC01994.jpg\" title=\"DSC01994\" rel=\"ewicprettyPhoto[66269f4b83552136]\"><img decoding=\"async\" title=\"DSC01994\" class=\"ewic-wid-imgs\" src=\"https:\/\/www.ruf-ostercappeln-schwegerhoff.de\/wp-content\/uploads\/2018\/08\/DSC01994.jpg\" \/><p class=\"flex-caption\">DSC01994<\/p><\/a><\/li><li class=\"ewic-slider\"><a href=\"https:\/\/www.ruf-ostercappeln-schwegerhoff.de\/wp-content\/uploads\/2018\/08\/DSC01993.jpg\" title=\"DSC01993\" rel=\"ewicprettyPhoto[66269f4b83552136]\"><img decoding=\"async\" title=\"DSC01993\" class=\"ewic-wid-imgs\" src=\"https:\/\/www.ruf-ostercappeln-schwegerhoff.de\/wp-content\/uploads\/2018\/08\/DSC01993.jpg\" \/><p class=\"flex-caption\">DSC01993<\/p><\/a><\/li><li class=\"ewic-slider\"><a href=\"https:\/\/www.ruf-ostercappeln-schwegerhoff.de\/wp-content\/uploads\/2018\/08\/DSC01992.jpg\" title=\"DSC01992\" rel=\"ewicprettyPhoto[66269f4b83552136]\"><img decoding=\"async\" title=\"DSC01992\" class=\"ewic-wid-imgs\" src=\"https:\/\/www.ruf-ostercappeln-schwegerhoff.de\/wp-content\/uploads\/2018\/08\/DSC01992.jpg\" \/><p class=\"flex-caption\">DSC01992<\/p><\/a><\/li><li class=\"ewic-slider\"><a href=\"https:\/\/www.ruf-ostercappeln-schwegerhoff.de\/wp-content\/uploads\/2018\/08\/DSC01991.jpg\" title=\"DSC01991\" rel=\"ewicprettyPhoto[66269f4b83552136]\"><img decoding=\"async\" title=\"DSC01991\" class=\"ewic-wid-imgs\" src=\"https:\/\/www.ruf-ostercappeln-schwegerhoff.de\/wp-content\/uploads\/2018\/08\/DSC01991.jpg\" \/><p class=\"flex-caption\">DSC01991<\/p><\/a><\/li><li class=\"ewic-slider\"><a href=\"https:\/\/www.ruf-ostercappeln-schwegerhoff.de\/wp-content\/uploads\/2018\/08\/DSC01990.jpg\" title=\"DSC01990\" rel=\"ewicprettyPhoto[66269f4b83552136]\"><img decoding=\"async\" title=\"DSC01990\" class=\"ewic-wid-imgs\" src=\"https:\/\/www.ruf-ostercappeln-schwegerhoff.de\/wp-content\/uploads\/2018\/08\/DSC01990.jpg\" \/><p class=\"flex-caption\">DSC01990<\/p><\/a><\/li><li class=\"ewic-slider\"><a href=\"https:\/\/www.ruf-ostercappeln-schwegerhoff.de\/wp-content\/uploads\/2018\/08\/DSC01989.jpg\" title=\"DSC01989\" rel=\"ewicprettyPhoto[66269f4b83552136]\"><img decoding=\"async\" title=\"DSC01989\" class=\"ewic-wid-imgs\" src=\"https:\/\/www.ruf-ostercappeln-schwegerhoff.de\/wp-content\/uploads\/2018\/08\/DSC01989.jpg\" \/><p class=\"flex-caption\">DSC01989<\/p><\/a><\/li><li class=\"ewic-slider\"><a href=\"https:\/\/www.ruf-ostercappeln-schwegerhoff.de\/wp-content\/uploads\/2018\/08\/DSC01988.jpg\" title=\"DSC01988\" rel=\"ewicprettyPhoto[66269f4b83552136]\"><img decoding=\"async\" title=\"DSC01988\" class=\"ewic-wid-imgs\" src=\"https:\/\/www.ruf-ostercappeln-schwegerhoff.de\/wp-content\/uploads\/2018\/08\/DSC01988.jpg\" \/><p class=\"flex-caption\">DSC01988<\/p><\/a><\/li><li class=\"ewic-slider\"><a href=\"https:\/\/www.ruf-ostercappeln-schwegerhoff.de\/wp-content\/uploads\/2018\/08\/DSC01986.jpg\" title=\"DSC01986\" rel=\"ewicprettyPhoto[66269f4b83552136]\"><img decoding=\"async\" title=\"DSC01986\" class=\"ewic-wid-imgs\" src=\"https:\/\/www.ruf-ostercappeln-schwegerhoff.de\/wp-content\/uploads\/2018\/08\/DSC01986.jpg\" \/><p class=\"flex-caption\">DSC01986<\/p><\/a><\/li><li class=\"ewic-slider\"><a href=\"https:\/\/www.ruf-ostercappeln-schwegerhoff.de\/wp-content\/uploads\/2018\/08\/DSC01984.jpg\" title=\"DSC01984\" rel=\"ewicprettyPhoto[66269f4b83552136]\"><img decoding=\"async\" title=\"DSC01984\" class=\"ewic-wid-imgs\" src=\"https:\/\/www.ruf-ostercappeln-schwegerhoff.de\/wp-content\/uploads\/2018\/08\/DSC01984.jpg\" \/><p class=\"flex-caption\">DSC01984<\/p><\/a><\/li><li class=\"ewic-slider\"><a href=\"https:\/\/www.ruf-ostercappeln-schwegerhoff.de\/wp-content\/uploads\/2018\/08\/DSC01981.jpg\" title=\"DSC01981\" rel=\"ewicprettyPhoto[66269f4b83552136]\"><img decoding=\"async\" title=\"DSC01981\" class=\"ewic-wid-imgs\" src=\"https:\/\/www.ruf-ostercappeln-schwegerhoff.de\/wp-content\/uploads\/2018\/08\/DSC01981.jpg\" \/><p class=\"flex-caption\">DSC01981<\/p><\/a><\/li><li class=\"ewic-slider\"><a href=\"https:\/\/www.ruf-ostercappeln-schwegerhoff.de\/wp-content\/uploads\/2018\/08\/DSC01979.jpg\" title=\"DSC01979\" rel=\"ewicprettyPhoto[66269f4b83552136]\"><img decoding=\"async\" title=\"DSC01979\" class=\"ewic-wid-imgs\" src=\"https:\/\/www.ruf-ostercappeln-schwegerhoff.de\/wp-content\/uploads\/2018\/08\/DSC01979.jpg\" \/><p class=\"flex-caption\">DSC01979<\/p><\/a><\/li><li class=\"ewic-slider\"><a href=\"https:\/\/www.ruf-ostercappeln-schwegerhoff.de\/wp-content\/uploads\/2018\/08\/DSC01976.jpg\" title=\"DSC01976\" rel=\"ewicprettyPhoto[66269f4b83552136]\"><img decoding=\"async\" title=\"DSC01976\" class=\"ewic-wid-imgs\" src=\"https:\/\/www.ruf-ostercappeln-schwegerhoff.de\/wp-content\/uploads\/2018\/08\/DSC01976.jpg\" \/><p class=\"flex-caption\">DSC01976<\/p><\/a><\/li><li class=\"ewic-slider\"><a href=\"https:\/\/www.ruf-ostercappeln-schwegerhoff.de\/wp-content\/uploads\/2018\/08\/DSC01974.jpg\" title=\"DSC01974\" rel=\"ewicprettyPhoto[66269f4b83552136]\"><img decoding=\"async\" title=\"DSC01974\" class=\"ewic-wid-imgs\" src=\"https:\/\/www.ruf-ostercappeln-schwegerhoff.de\/wp-content\/uploads\/2018\/08\/DSC01974.jpg\" \/><p class=\"flex-caption\">DSC01974<\/p><\/a><\/li><li class=\"ewic-slider\"><a href=\"https:\/\/www.ruf-ostercappeln-schwegerhoff.de\/wp-content\/uploads\/2018\/08\/DSC01973.jpg\" title=\"DSC01973\" rel=\"ewicprettyPhoto[66269f4b83552136]\"><img decoding=\"async\" title=\"DSC01973\" class=\"ewic-wid-imgs\" src=\"https:\/\/www.ruf-ostercappeln-schwegerhoff.de\/wp-content\/uploads\/2018\/08\/DSC01973.jpg\" \/><p class=\"flex-caption\">DSC01973<\/p><\/a><\/li><li class=\"ewic-slider\"><a href=\"https:\/\/www.ruf-ostercappeln-schwegerhoff.de\/wp-content\/uploads\/2018\/08\/DSC01972.jpg\" title=\"DSC01972\" rel=\"ewicprettyPhoto[66269f4b83552136]\"><img decoding=\"async\" title=\"DSC01972\" class=\"ewic-wid-imgs\" src=\"https:\/\/www.ruf-ostercappeln-schwegerhoff.de\/wp-content\/uploads\/2018\/08\/DSC01972.jpg\" \/><p class=\"flex-caption\">DSC01972<\/p><\/a><\/li><li class=\"ewic-slider\"><a href=\"https:\/\/www.ruf-ostercappeln-schwegerhoff.de\/wp-content\/uploads\/2018\/08\/DSC01971.jpg\" title=\"DSC01971\" rel=\"ewicprettyPhoto[66269f4b83552136]\"><img decoding=\"async\" title=\"DSC01971\" class=\"ewic-wid-imgs\" src=\"https:\/\/www.ruf-ostercappeln-schwegerhoff.de\/wp-content\/uploads\/2018\/08\/DSC01971.jpg\" \/><p class=\"flex-caption\">DSC01971<\/p><\/a><\/li><li class=\"ewic-slider\"><a href=\"https:\/\/www.ruf-ostercappeln-schwegerhoff.de\/wp-content\/uploads\/2018\/08\/DSC01967.jpg\" title=\"DSC01967\" rel=\"ewicprettyPhoto[66269f4b83552136]\"><img decoding=\"async\" title=\"DSC01967\" class=\"ewic-wid-imgs\" src=\"https:\/\/www.ruf-ostercappeln-schwegerhoff.de\/wp-content\/uploads\/2018\/08\/DSC01967.jpg\" \/><p class=\"flex-caption\">DSC01967<\/p><\/a><\/li><li class=\"ewic-slider\"><a href=\"https:\/\/www.ruf-ostercappeln-schwegerhoff.de\/wp-content\/uploads\/2018\/08\/DSC01966.jpg\" title=\"DSC01966\" rel=\"ewicprettyPhoto[66269f4b83552136]\"><img decoding=\"async\" title=\"DSC01966\" class=\"ewic-wid-imgs\" src=\"https:\/\/www.ruf-ostercappeln-schwegerhoff.de\/wp-content\/uploads\/2018\/08\/DSC01966.jpg\" \/><p class=\"flex-caption\">DSC01966<\/p><\/a><\/li><\/ul><script type=\"text\/javascript\">\r\n\tjQuery(document).ready(function($) {\r\n\r\n\t\t$(\"#preloader-66269f4b83552136\").fadeOut(500, function () {\r\n\r\n\t\t\t$(\"#ewic-con-66269f4b83552136\").addClass(\"ready_to_show\");\r\n\r\n\t\t\t$(\"a[rel^='ewicprettyPhoto[66269f4b83552136]']\").ewcPhoto({\r\n\t\t\t\ttheme: \"ewc_default\",\r\n\t\t\t\tallow_expand: false,\r\n\t\t\t\tdeeplinking: false,\r\n\t\t\t\tslideshow:5000,\r\n\t\t\t\tautoplay_slideshow:true,\r\n\t\t\t\tsocial_tools:false\r\n\t\t\t});\r\n\r\n\t\t\t$(\".flexslider-66269f4b83552136\").fadeIn(300);\r\n\r\n\t\t\t$(\"#ewic-con-66269f4b83552136\").flexslider({\r\n\t\t\t\tanimation: \"slide\",\r\n\t\t\t\tanimationSpeed: 0,\r\n\t\t\t\tuseCSS: false,\r\n\t\t\t\teasing: \"easeInQuad\",\r\n\t\t\t\tdirection: \"horizontal\",\r\n\t\t\t\tslideshow: true,\r\n\t\t\t\tsmoothHeight: true,\r\n\t\t\t\tpauseOnHover: true,\r\n\t\t\t\tcontrolNav: false,\r\n\t\t\t\tprevText: \"\",\r\n\t\t\t\tnextText: \"\",\r\n\t\t\t\trtl: false,\r\n\t\t\t\tslideshowSpeed: 5000,\r\n\t\t\t\tstart: function(slider){\r\n\t\t\t\t\t$(\"#ewic-con-66269f4b83552136\").find(\".flex-caption\").hide();\r\n\t\t\t\t\tvar curSlide = slider.find(\"li.flex-active-slide\");\r\n\t\t\t\t\t$(curSlide).find(\".flex-caption\").slideDown();\r\n\t\t\t\t},\r\n\t\t\t\tbefore: function(slider) {\r\n\t\t\t\t\t$(\"#ewic-con-66269f4b83552136\").find(\".flex-caption\").slideUp();\r\n\t\t\t\t},\r\n\t\t\t\tafter: function(slider) {\r\n\t\t\t\t\tvar curSlide = slider.find(\"li.flex-active-slide\");\r\n\t\t\t\t\t$(curSlide).find(\".flex-caption\").slideDown();\r\n\t\t\t\t}\r\n\r\n\t\t\t});\r\n\r\n\t\t});\r\n\r\n\t});\r\n<\/script><\/div>\r\n<\/p>\n","protected":false},"excerpt":{"rendered":"<p>Am letzten Wochenende fand ein tolles Reitturnier von Freitag bis Sonntag mit gutem Sport statt. Die Zuschauer honorierten die guten Reiter mit Ihren Pferden f\u00fcr ihre guten Vorstellungen. Am Freitag fanden die Aufbaupr\u00fcfungen f\u00fcr die jungen Pferde im Springparquour statt, Ergebnisse siehe der Anlage. Am Samstag begann das Turnier mit Dressurvorstellungen der Klassen E bis&hellip; <br \/> <a class=\"read-more\" href=\"https:\/\/www.ruf-ostercappeln-schwegerhoff.de\/?easyimageslider=turnier-2018\">Weiterlesen<\/a><\/p>\n","protected":false},"author":4,"featured_media":348,"comment_status":"open","ping_status":"open","sticky":false,"template":"","format":"standard","meta":{"footnotes":""},"categories":[5],"tags":[],"class_list":["post-650","post","type-post","status-publish","format-standard","has-post-thumbnail","hentry","category-blog"],"_links":{"self":[{"href":"https:\/\/www.ruf-ostercappeln-schwegerhoff.de\/index.php?rest_route=\/wp\/v2\/posts\/650","targetHints":{"allow":["GET"]}}],"collection":[{"href":"https:\/\/www.ruf-ostercappeln-schwegerhoff.de\/index.php?rest_route=\/wp\/v2\/posts"}],"about":[{"href":"https:\/\/www.ruf-ostercappeln-schwegerhoff.de\/index.php?rest_route=\/wp\/v2\/types\/post"}],"author":[{"embeddable":true,"href":"https:\/\/www.ruf-ostercappeln-schwegerhoff.de\/index.php?rest_route=\/wp\/v2\/users\/4"}],"replies":[{"embeddable":true,"href":"https:\/\/www.ruf-ostercappeln-schwegerhoff.de\/index.php?rest_route=%2Fwp%2Fv2%2Fcomments&post=650"}],"version-history":[{"count":8,"href":"https:\/\/www.ruf-ostercappeln-schwegerhoff.de\/index.php?rest_route=\/wp\/v2\/posts\/650\/revisions"}],"predecessor-version":[{"id":817,"href":"https:\/\/www.ruf-ostercappeln-schwegerhoff.de\/index.php?rest_route=\/wp\/v2\/posts\/650\/revisions\/817"}],"wp:featuredmedia":[{"embeddable":true,"href":"https:\/\/www.ruf-ostercappeln-schwegerhoff.de\/index.php?rest_route=\/wp\/v2\/media\/348"}],"wp:attachment":[{"href":"https:\/\/www.ruf-ostercappeln-schwegerhoff.de\/index.php?rest_route=%2Fwp%2Fv2%2Fmedia&parent=650"}],"wp:term":[{"taxonomy":"category","embeddable":true,"href":"https:\/\/www.ruf-ostercappeln-schwegerhoff.de\/index.php?rest_route=%2Fwp%2Fv2%2Fcategories&post=650"},{"taxonomy":"post_tag","embeddable":true,"href":"https:\/\/www.ruf-ostercappeln-schwegerhoff.de\/index.php?rest_route=%2Fwp%2Fv2%2Ftags&post=650"}],"curies":[{"name":"wp","href":"https:\/\/api.w.org\/{rel}","templated":true}]}}